{"id":7321,"date":"2022-09-10T21:30:12","date_gmt":"2022-09-10T19:30:12","guid":{"rendered":"https:\/\/esgrima-manresa.cat\/?p=7321"},"modified":"2022-10-28T11:23:00","modified_gmt":"2022-10-28T09:23:00","slug":"world-fencing-day-2022","status":"publish","type":"post","link":"https:\/\/esgrima-manresa.cat\/ca\/world-fencing-day-2022\/","title":{"rendered":"Dia mundial de l&#8217;esgrima 2022"},"content":{"rendered":"\t\t<div data-elementor-type=\"wp-post\" data-elementor-id=\"7321\" class=\"elementor elementor-7321\" data-elementor-post-type=\"post\">\n\t\t\t\t\t\t<section class=\"elementor-section elementor-top-section elementor-element elementor-element-6832b8a elementor-section-boxed elementor-section-height-default elementor-section-height-default\" data-id=\"6832b8a\" data-element_type=\"section\" data-e-type=\"section\">\n\t\t\t\t\t\t<div class=\"elementor-container elementor-column-gap-default\">\n\t\t\t\t\t<div class=\"elementor-column elementor-col-100 elementor-top-column elementor-element elementor-element-4943843\" data-id=\"4943843\" data-element_type=\"column\" data-e-type=\"column\">\n\t\t\t<div class=\"elementor-widget-wrap elementor-element-populated\">\n\t\t\t\t\t\t<div class=\"elementor-element elementor-element-2be74ca elementor-widget elementor-widget-heading\" data-id=\"2be74ca\" data-element_type=\"widget\" data-e-type=\"widget\" data-widget_type=\"heading.default\">\n\t\t\t\t<div class=\"elementor-widget-container\">\n\t\t\t\t\t<h1 class=\"elementor-heading-title elementor-size-default\">Dia mundial de l'esgrima<\/h1>\t\t\t\t<\/div>\n\t\t\t\t<\/div>\n\t\t\t\t<div class=\"elementor-element elementor-element-8881c37 elementor-widget elementor-widget-heading\" data-id=\"8881c37\" data-element_type=\"widget\" data-e-type=\"widget\" data-widget_type=\"heading.default\">\n\t\t\t\t<div class=\"elementor-widget-container\">\n\t\t\t\t\t<h4 class=\"elementor-heading-title elementor-size-default\">10 de Setembre de 2022<\/h4>\t\t\t\t<\/div>\n\t\t\t\t<\/div>\n\t\t\t\t<div class=\"elementor-element elementor-element-2f783cb elementor-widget elementor-widget-spacer\" data-id=\"2f783cb\" data-element_type=\"widget\" data-e-type=\"widget\" data-widget_type=\"spacer.default\">\n\t\t\t\t<div class=\"elementor-widget-container\">\n\t\t\t\t\t\t\t<div class=\"elementor-spacer\">\n\t\t\t<div class=\"elementor-spacer-inner\"><\/div>\n\t\t<\/div>\n\t\t\t\t\t\t<\/div>\n\t\t\t\t<\/div>\n\t\t\t\t<div class=\"elementor-element elementor-element-91113d5 elementor-widget elementor-widget-text-editor\" data-id=\"91113d5\" data-element_type=\"widget\" data-e-type=\"widget\" data-widget_type=\"text-editor.default\">\n\t\t\t\t<div class=\"elementor-widget-container\">\n\t\t\t\t\t\t\t\t\t<p>Aquest dissabte hem pogut disfrutar del que m\u00e9s ens agrada, de l&#8217;esgrima! I hem aprofitat que ha sigut el<strong> dia mundial de l&#8217;esgrima<\/strong> per fer un entrenament amb la gent del club. Grans i petits s&#8217;han donat cita per a poder entrenar i tamb\u00e9 fer una mica de combats despr\u00e9s del corresponent dia de poule.<\/p>\t\t\t\t\t\t\t\t<\/div>\n\t\t\t\t<\/div>\n\t\t\t\t<div class=\"elementor-element elementor-element-2cfd956 elementor-widget elementor-widget-spacer\" data-id=\"2cfd956\" data-element_type=\"widget\" data-e-type=\"widget\" data-widget_type=\"spacer.default\">\n\t\t\t\t<div class=\"elementor-widget-container\">\n\t\t\t\t\t\t\t<div class=\"elementor-spacer\">\n\t\t\t<div class=\"elementor-spacer-inner\"><\/div>\n\t\t<\/div>\n\t\t\t\t\t\t<\/div>\n\t\t\t\t<\/div>\n\t\t\t\t<div class=\"elementor-element elementor-element-155a8ad e-transform elementor-widget elementor-widget-image\" data-id=\"155a8ad\" data-element_type=\"widget\" data-e-type=\"widget\" data-settings=\"{&quot;_transform_rotateZ_effect&quot;:{&quot;unit&quot;:&quot;px&quot;,&quot;size&quot;:-5,&quot;sizes&quot;:[]},&quot;_transform_rotateZ_effect_tablet&quot;:{&quot;unit&quot;:&quot;deg&quot;,&quot;size&quot;:&quot;&quot;,&quot;sizes&quot;:[]},&quot;_transform_rotateZ_effect_mobile&quot;:{&quot;unit&quot;:&quot;deg&quot;,&quot;size&quot;:&quot;&quot;,&quot;sizes&quot;:[]}}\" data-widget_type=\"image.default\">\n\t\t\t\t<div class=\"elementor-widget-container\">\n\t\t\t\t\t\t\t\t\t\t\t\t\t\t\t<img fetchpriority=\"high\" decoding=\"async\" width=\"1080\" height=\"1080\" src=\"https:\/\/esgrima-manresa.cat\/wp-content\/uploads\/2022\/09\/WFD22.png\" class=\"attachment-full size-full wp-image-7324\" alt=\"\" srcset=\"https:\/\/esgrima-manresa.cat\/wp-content\/uploads\/2022\/09\/WFD22.png 1080w, https:\/\/esgrima-manresa.cat\/wp-content\/uploads\/2022\/09\/WFD22-300x300.png 300w, https:\/\/esgrima-manresa.cat\/wp-content\/uploads\/2022\/09\/WFD22-1024x1024.png 1024w, https:\/\/esgrima-manresa.cat\/wp-content\/uploads\/2022\/09\/WFD22-150x150.png 150w, https:\/\/esgrima-manresa.cat\/wp-content\/uploads\/2022\/09\/WFD22-768x768.png 768w, https:\/\/esgrima-manresa.cat\/wp-content\/uploads\/2022\/09\/WFD22-12x12.png 12w, https:\/\/esgrima-manresa.cat\/wp-content\/uploads\/2022\/09\/WFD22-50x50.png 50w\" sizes=\"(max-width: 1080px) 100vw, 1080px\" \/>\t\t\t\t\t\t\t\t\t\t\t\t\t\t\t<\/div>\n\t\t\t\t<\/div>\n\t\t\t\t<div class=\"elementor-element elementor-element-65d8af0 elementor-widget elementor-widget-spacer\" data-id=\"65d8af0\" data-element_type=\"widget\" data-e-type=\"widget\" data-widget_type=\"spacer.default\">\n\t\t\t\t<div class=\"elementor-widget-container\">\n\t\t\t\t\t\t\t<div class=\"elementor-spacer\">\n\t\t\t<div class=\"elementor-spacer-inner\"><\/div>\n\t\t<\/div>\n\t\t\t\t\t\t<\/div>\n\t\t\t\t<\/div>\n\t\t\t\t<div class=\"elementor-element elementor-element-5bd0e46 elementor-widget elementor-widget-text-editor\" data-id=\"5bd0e46\" data-element_type=\"widget\" data-e-type=\"widget\" data-widget_type=\"text-editor.default\">\n\t\t\t\t<div class=\"elementor-widget-container\">\n\t\t\t\t\t\t\t\t\t<p>Es tracta d&#8217;una tradici\u00f3 que es celebra com a iniciativa de la <strong>Federaci\u00f3 Internacional d&#8217;Esgrima<\/strong> (<em>FIE<\/em>) i que ens transmet que l&#8217;esgrima s&#8217;ha de celebrar, com un model d&#8217;esport i una manera de viure. I es que un munt de clubs de pr\u00e0cticament tot el m\u00f3n, han celebrat aquest esdeveniment amb diferents activitats, combats o entrenaments per a poder disfrutar novament de l&#8217;esgrima, aquest cop en una ocasi\u00f3 com aquesta.<\/p><p>I t\u00fa? Com has passat aquest dia tant especial?<\/p>\t\t\t\t\t\t\t\t<\/div>\n\t\t\t\t<\/div>\n\t\t\t\t<div class=\"elementor-element elementor-element-b72cbf6 elementor-widget elementor-widget-spacer\" data-id=\"b72cbf6\" data-element_type=\"widget\" data-e-type=\"widget\" data-widget_type=\"spacer.default\">\n\t\t\t\t<div class=\"elementor-widget-container\">\n\t\t\t\t\t\t\t<div class=\"elementor-spacer\">\n\t\t\t<div class=\"elementor-spacer-inner\"><\/div>\n\t\t<\/div>\n\t\t\t\t\t\t<\/div>\n\t\t\t\t<\/div>\n\t\t\t\t\t<\/div>\n\t\t<\/div>\n\t\t\t\t\t<\/div>\n\t\t<\/section>\n\t\t\t\t<section class=\"elementor-section elementor-top-section elementor-element elementor-element-66fa1da elementor-section-full_width elementor-section-stretched elementor-section-height-min-height elementor-section-height-default elementor-section-items-middle\" data-id=\"66fa1da\" data-element_type=\"section\" data-e-type=\"section\" data-settings=\"{&quot;stretch_section&quot;:&quot;section-stretched&quot;,&quot;background_background&quot;:&quot;classic&quot;}\">\n\t\t\t\t\t\t\t<div class=\"elementor-background-overlay\"><\/div>\n\t\t\t\t\t\t\t<div class=\"elementor-container elementor-column-gap-default\">\n\t\t\t\t\t<div class=\"elementor-column elementor-col-100 elementor-top-column elementor-element elementor-element-f596517\" data-id=\"f596517\" data-element_type=\"column\" data-e-type=\"column\">\n\t\t\t<div class=\"elementor-widget-wrap elementor-element-populated\">\n\t\t\t\t\t\t<div class=\"elementor-element elementor-element-5af0643 elementor-widget elementor-widget-heading\" data-id=\"5af0643\" data-element_type=\"widget\" data-e-type=\"widget\" data-widget_type=\"heading.default\">\n\t\t\t\t<div class=\"elementor-widget-container\">\n\t\t\t\t\t<h4 class=\"elementor-heading-title elementor-size-default\">Demana m\u00e9s informaci\u00f3:<\/h4>\t\t\t\t<\/div>\n\t\t\t\t<\/div>\n\t\t\t\t<section class=\"elementor-section elementor-inner-section elementor-element elementor-element-fab2cc6 elementor-section-boxed elementor-section-height-default elementor-section-height-default\" data-id=\"fab2cc6\" data-element_type=\"section\" data-e-type=\"section\">\n\t\t\t\t\t\t<div class=\"elementor-container elementor-column-gap-default\">\n\t\t\t\t\t<div class=\"elementor-column elementor-col-100 elementor-inner-column elementor-element elementor-element-366bee7\" data-id=\"366bee7\" data-element_type=\"column\" data-e-type=\"column\">\n\t\t\t<div class=\"elementor-widget-wrap elementor-element-populated\">\n\t\t\t\t\t\t<div class=\"elementor-element elementor-element-3b6ff82 elementor-align-center elementor-mobile-align-center elementor-tablet-align-center elementor-widget__width-inherit elementor-widget elementor-widget-button\" data-id=\"3b6ff82\" data-element_type=\"widget\" data-e-type=\"widget\" data-widget_type=\"button.default\">\n\t\t\t\t<div class=\"elementor-widget-container\">\n\t\t\t\t\t\t\t\t\t<div class=\"elementor-button-wrapper\">\n\t\t\t\t\t<a class=\"elementor-button elementor-button-link elementor-size-lg elementor-animation-grow\" href=\"https:\/\/esgrima-manresa.cat\/#contact\">\n\t\t\t\t\t\t<span class=\"elementor-button-content-wrapper\">\n\t\t\t\t\t\t\t\t\t<span class=\"elementor-button-text\">contacte<\/span>\n\t\t\t\t\t<\/span>\n\t\t\t\t\t<\/a>\n\t\t\t\t<\/div>\n\t\t\t\t\t\t\t\t<\/div>\n\t\t\t\t<\/div>\n\t\t\t\t\t<\/div>\n\t\t<\/div>\n\t\t\t\t\t<\/div>\n\t\t<\/section>\n\t\t\t\t\t<\/div>\n\t\t<\/div>\n\t\t\t\t\t<\/div>\n\t\t<\/section>\n\t\t\t\t<\/div>\n\t\t","protected":false},"excerpt":{"rendered":"<p>Dia mundial de l&#8217;esgrima 10 de Setembre de 2022 Aquest dissabte hem pogut disfrutar del que m\u00e9s ens agrada, de l&#8217;esgrima! I hem aprofitat que ha sigut el dia mundial de l&#8217;esgrima per fer un entrenament amb la gent del club. Grans i petits s&#8217;han donat cita per a poder [&hellip;]<\/p>\n","protected":false},"author":1,"featured_media":7323,"comment_status":"closed","ping_status":"closed","sticky":false,"template":"","format":"standard","meta":{"_jetpack_memberships_contains_paid_content":false,"footnotes":""},"categories":[2],"tags":[12,141,32,142],"class_list":["post-7321","post","type-post","status-publish","format-standard","has-post-thumbnail","hentry","category-esdeveniments","tag-2022-2023","tag-dia-de-lesgrima-2022","tag-esgrima","tag-wfd2022"],"yoast_head":"<!-- This site is optimized with the Yoast SEO plugin v27.4 - https:\/\/yoast.com\/product\/yoast-seo-wordpress\/ -->\n<title>Dia mundial de l&#039;esgrima 2022 - Club d&#039;Esgrima SH Manresa<\/title>\n<meta name=\"description\" content=\"El dia m\u00e9s caracter\u00edstic de l&#039;any! Apr\u00e8n el que es fa al voltant d&#039;aquest esdeveniment que uneix a tota la fam\u00edlia de l&#039;esgrima!\" \/>\n<meta name=\"robots\" content=\"index, follow, max-snippet:-1, max-image-preview:large, max-video-preview:-1\" \/>\n<link rel=\"canonical\" href=\"https:\/\/esgrima-manresa.cat\/ca\/world-fencing-day-2022\/\" \/>\n<meta property=\"og:locale\" content=\"ca_ES\" \/>\n<meta property=\"og:type\" content=\"article\" \/>\n<meta property=\"og:title\" content=\"Dia mundial de l&#039;esgrima 2022 - Club d&#039;Esgrima SH Manresa\" \/>\n<meta property=\"og:description\" content=\"El dia m\u00e9s caracter\u00edstic de l&#039;any! Apr\u00e8n el que es fa al voltant d&#039;aquest esdeveniment que uneix a tota la fam\u00edlia de l&#039;esgrima!\" \/>\n<meta property=\"og:url\" content=\"https:\/\/esgrima-manresa.cat\/ca\/world-fencing-day-2022\/\" \/>\n<meta property=\"og:site_name\" content=\"Club d&#039;Esgrima SH Manresa\" \/>\n<meta property=\"article:publisher\" content=\"https:\/\/www.facebook.com\/esgrima.manresa\" \/>\n<meta property=\"article:published_time\" content=\"2022-09-10T19:30:12+00:00\" \/>\n<meta property=\"article:modified_time\" content=\"2022-10-28T09:23:00+00:00\" \/>\n<meta property=\"og:image\" content=\"https:\/\/esgrima-manresa.cat\/wp-content\/uploads\/2022\/09\/World-fencing-day-2022.jpeg\" \/>\n\t<meta property=\"og:image:width\" content=\"1769\" \/>\n\t<meta property=\"og:image:height\" content=\"1241\" \/>\n\t<meta property=\"og:image:type\" content=\"image\/jpeg\" \/>\n<meta name=\"author\" content=\"admin@esgrima-manresa.cat\" \/>\n<meta name=\"twitter:card\" content=\"summary_large_image\" \/>\n<meta name=\"twitter:creator\" content=\"@esgrimashm\" \/>\n<meta name=\"twitter:site\" content=\"@esgrimashm\" \/>\n<meta name=\"twitter:label1\" content=\"Escrit per\" \/>\n\t<meta name=\"twitter:data1\" content=\"admin@esgrima-manresa.cat\" \/>\n\t<meta name=\"twitter:label2\" content=\"Temps estimat de lectura\" \/>\n\t<meta name=\"twitter:data2\" content=\"2 minuts\" \/>\n<script type=\"application\/ld+json\" class=\"yoast-schema-graph\">{\"@context\":\"https:\\\/\\\/schema.org\",\"@graph\":[{\"@type\":\"Article\",\"@id\":\"https:\\\/\\\/esgrima-manresa.cat\\\/world-fencing-day-2022\\\/#article\",\"isPartOf\":{\"@id\":\"https:\\\/\\\/esgrima-manresa.cat\\\/world-fencing-day-2022\\\/\"},\"author\":{\"name\":\"admin@esgrima-manresa.cat\",\"@id\":\"https:\\\/\\\/esgrima-manresa.cat\\\/ca\\\/#\\\/schema\\\/person\\\/b0ac727452316bfe906b4dfe681623ad\"},\"headline\":\"Dia mundial de l&#8217;esgrima 2022\",\"datePublished\":\"2022-09-10T19:30:12+00:00\",\"dateModified\":\"2022-10-28T09:23:00+00:00\",\"mainEntityOfPage\":{\"@id\":\"https:\\\/\\\/esgrima-manresa.cat\\\/world-fencing-day-2022\\\/\"},\"wordCount\":154,\"publisher\":{\"@id\":\"https:\\\/\\\/esgrima-manresa.cat\\\/ca\\\/#organization\"},\"image\":{\"@id\":\"https:\\\/\\\/esgrima-manresa.cat\\\/world-fencing-day-2022\\\/#primaryimage\"},\"thumbnailUrl\":\"https:\\\/\\\/esgrima-manresa.cat\\\/wp-content\\\/uploads\\\/2022\\\/09\\\/World-fencing-day-2022.jpeg\",\"keywords\":[\"2022-2023\",\"Dia de l'esgrima 2022\",\"Esgrima\",\"WFD2022\"],\"articleSection\":[\"Esdeveniments\"],\"inLanguage\":\"ca\"},{\"@type\":\"WebPage\",\"@id\":\"https:\\\/\\\/esgrima-manresa.cat\\\/world-fencing-day-2022\\\/\",\"url\":\"https:\\\/\\\/esgrima-manresa.cat\\\/world-fencing-day-2022\\\/\",\"name\":\"Dia mundial de l'esgrima 2022 - Club d'Esgrima SH Manresa\",\"isPartOf\":{\"@id\":\"https:\\\/\\\/esgrima-manresa.cat\\\/ca\\\/#website\"},\"primaryImageOfPage\":{\"@id\":\"https:\\\/\\\/esgrima-manresa.cat\\\/world-fencing-day-2022\\\/#primaryimage\"},\"image\":{\"@id\":\"https:\\\/\\\/esgrima-manresa.cat\\\/world-fencing-day-2022\\\/#primaryimage\"},\"thumbnailUrl\":\"https:\\\/\\\/esgrima-manresa.cat\\\/wp-content\\\/uploads\\\/2022\\\/09\\\/World-fencing-day-2022.jpeg\",\"datePublished\":\"2022-09-10T19:30:12+00:00\",\"dateModified\":\"2022-10-28T09:23:00+00:00\",\"description\":\"El dia m\u00e9s caracter\u00edstic de l'any! Apr\u00e8n el que es fa al voltant d'aquest esdeveniment que uneix a tota la fam\u00edlia de l'esgrima!\",\"breadcrumb\":{\"@id\":\"https:\\\/\\\/esgrima-manresa.cat\\\/world-fencing-day-2022\\\/#breadcrumb\"},\"inLanguage\":\"ca\",\"potentialAction\":[{\"@type\":\"ReadAction\",\"target\":[\"https:\\\/\\\/esgrima-manresa.cat\\\/world-fencing-day-2022\\\/\"]}]},{\"@type\":\"ImageObject\",\"inLanguage\":\"ca\",\"@id\":\"https:\\\/\\\/esgrima-manresa.cat\\\/world-fencing-day-2022\\\/#primaryimage\",\"url\":\"https:\\\/\\\/esgrima-manresa.cat\\\/wp-content\\\/uploads\\\/2022\\\/09\\\/World-fencing-day-2022.jpeg\",\"contentUrl\":\"https:\\\/\\\/esgrima-manresa.cat\\\/wp-content\\\/uploads\\\/2022\\\/09\\\/World-fencing-day-2022.jpeg\",\"width\":1769,\"height\":1241},{\"@type\":\"BreadcrumbList\",\"@id\":\"https:\\\/\\\/esgrima-manresa.cat\\\/world-fencing-day-2022\\\/#breadcrumb\",\"itemListElement\":[{\"@type\":\"ListItem\",\"position\":1,\"name\":\"Inici\",\"item\":\"https:\\\/\\\/esgrima-manresa.cat\\\/\"},{\"@type\":\"ListItem\",\"position\":2,\"name\":\"Dia mundial de l&#8217;esgrima 2022\"}]},{\"@type\":\"WebSite\",\"@id\":\"https:\\\/\\\/esgrima-manresa.cat\\\/ca\\\/#website\",\"url\":\"https:\\\/\\\/esgrima-manresa.cat\\\/ca\\\/\",\"name\":\"Club d'Esgrima SH Manresa\",\"description\":\"Club d'Esgrima a la ciutat de Manresa\",\"publisher\":{\"@id\":\"https:\\\/\\\/esgrima-manresa.cat\\\/ca\\\/#organization\"},\"potentialAction\":[{\"@type\":\"SearchAction\",\"target\":{\"@type\":\"EntryPoint\",\"urlTemplate\":\"https:\\\/\\\/esgrima-manresa.cat\\\/ca\\\/?s={search_term_string}\"},\"query-input\":{\"@type\":\"PropertyValueSpecification\",\"valueRequired\":true,\"valueName\":\"search_term_string\"}}],\"inLanguage\":\"ca\"},{\"@type\":\"Organization\",\"@id\":\"https:\\\/\\\/esgrima-manresa.cat\\\/ca\\\/#organization\",\"name\":\"Club Esgrima SH Manresa\",\"url\":\"https:\\\/\\\/esgrima-manresa.cat\\\/ca\\\/\",\"logo\":{\"@type\":\"ImageObject\",\"inLanguage\":\"ca\",\"@id\":\"https:\\\/\\\/esgrima-manresa.cat\\\/ca\\\/#\\\/schema\\\/logo\\\/image\\\/\",\"url\":\"https:\\\/\\\/esgrima-manresa.cat\\\/wp-content\\\/uploads\\\/2022\\\/07\\\/newlogoSQ-1024x1024-1.png\",\"contentUrl\":\"https:\\\/\\\/esgrima-manresa.cat\\\/wp-content\\\/uploads\\\/2022\\\/07\\\/newlogoSQ-1024x1024-1.png\",\"width\":1024,\"height\":1024,\"caption\":\"Club Esgrima SH Manresa\"},\"image\":{\"@id\":\"https:\\\/\\\/esgrima-manresa.cat\\\/ca\\\/#\\\/schema\\\/logo\\\/image\\\/\"},\"sameAs\":[\"https:\\\/\\\/www.facebook.com\\\/esgrima.manresa\",\"https:\\\/\\\/x.com\\\/esgrimashm\",\"https:\\\/\\\/www.instagram.com\\\/esgrima.manresa\\\/\",\"https:\\\/\\\/www.youtube.com\\\/channel\\\/UCMipZdwrXRZhKagmz3Ob8Rg\"]},{\"@type\":\"Person\",\"@id\":\"https:\\\/\\\/esgrima-manresa.cat\\\/ca\\\/#\\\/schema\\\/person\\\/b0ac727452316bfe906b4dfe681623ad\",\"name\":\"admin@esgrima-manresa.cat\",\"image\":{\"@type\":\"ImageObject\",\"inLanguage\":\"ca\",\"@id\":\"https:\\\/\\\/secure.gravatar.com\\\/avatar\\\/6390443e6acad527e4583883eac651e3c054138d485afef2492e86cff4d795f0?s=96&d=mm&r=g\",\"url\":\"https:\\\/\\\/secure.gravatar.com\\\/avatar\\\/6390443e6acad527e4583883eac651e3c054138d485afef2492e86cff4d795f0?s=96&d=mm&r=g\",\"contentUrl\":\"https:\\\/\\\/secure.gravatar.com\\\/avatar\\\/6390443e6acad527e4583883eac651e3c054138d485afef2492e86cff4d795f0?s=96&d=mm&r=g\",\"caption\":\"admin@esgrima-manresa.cat\"},\"sameAs\":[\"https:\\\/\\\/esgrima-manresa.cat\"],\"url\":\"https:\\\/\\\/esgrima-manresa.cat\\\/ca\\\/author\\\/adminesgrima-manresa-cat\\\/\"}]}<\/script>\n<!-- \/ Yoast SEO plugin. -->","yoast_head_json":{"title":"Dia mundial de l'esgrima 2022 - Club d'Esgrima SH Manresa","description":"El dia m\u00e9s caracter\u00edstic de l'any! Apr\u00e8n el que es fa al voltant d'aquest esdeveniment que uneix a tota la fam\u00edlia de l'esgrima!","robots":{"index":"index","follow":"follow","max-snippet":"max-snippet:-1","max-image-preview":"max-image-preview:large","max-video-preview":"max-video-preview:-1"},"canonical":"https:\/\/esgrima-manresa.cat\/ca\/world-fencing-day-2022\/","og_locale":"ca_ES","og_type":"article","og_title":"Dia mundial de l'esgrima 2022 - Club d'Esgrima SH Manresa","og_description":"El dia m\u00e9s caracter\u00edstic de l'any! Apr\u00e8n el que es fa al voltant d'aquest esdeveniment que uneix a tota la fam\u00edlia de l'esgrima!","og_url":"https:\/\/esgrima-manresa.cat\/ca\/world-fencing-day-2022\/","og_site_name":"Club d'Esgrima SH Manresa","article_publisher":"https:\/\/www.facebook.com\/esgrima.manresa","article_published_time":"2022-09-10T19:30:12+00:00","article_modified_time":"2022-10-28T09:23:00+00:00","og_image":[{"width":1769,"height":1241,"url":"https:\/\/esgrima-manresa.cat\/wp-content\/uploads\/2022\/09\/World-fencing-day-2022.jpeg","type":"image\/jpeg"}],"author":"admin@esgrima-manresa.cat","twitter_card":"summary_large_image","twitter_creator":"@esgrimashm","twitter_site":"@esgrimashm","twitter_misc":{"Escrit per":"admin@esgrima-manresa.cat","Temps estimat de lectura":"2 minuts"},"schema":{"@context":"https:\/\/schema.org","@graph":[{"@type":"Article","@id":"https:\/\/esgrima-manresa.cat\/world-fencing-day-2022\/#article","isPartOf":{"@id":"https:\/\/esgrima-manresa.cat\/world-fencing-day-2022\/"},"author":{"name":"admin@esgrima-manresa.cat","@id":"https:\/\/esgrima-manresa.cat\/ca\/#\/schema\/person\/b0ac727452316bfe906b4dfe681623ad"},"headline":"Dia mundial de l&#8217;esgrima 2022","datePublished":"2022-09-10T19:30:12+00:00","dateModified":"2022-10-28T09:23:00+00:00","mainEntityOfPage":{"@id":"https:\/\/esgrima-manresa.cat\/world-fencing-day-2022\/"},"wordCount":154,"publisher":{"@id":"https:\/\/esgrima-manresa.cat\/ca\/#organization"},"image":{"@id":"https:\/\/esgrima-manresa.cat\/world-fencing-day-2022\/#primaryimage"},"thumbnailUrl":"https:\/\/esgrima-manresa.cat\/wp-content\/uploads\/2022\/09\/World-fencing-day-2022.jpeg","keywords":["2022-2023","Dia de l'esgrima 2022","Esgrima","WFD2022"],"articleSection":["Esdeveniments"],"inLanguage":"ca"},{"@type":"WebPage","@id":"https:\/\/esgrima-manresa.cat\/world-fencing-day-2022\/","url":"https:\/\/esgrima-manresa.cat\/world-fencing-day-2022\/","name":"Dia mundial de l'esgrima 2022 - Club d'Esgrima SH Manresa","isPartOf":{"@id":"https:\/\/esgrima-manresa.cat\/ca\/#website"},"primaryImageOfPage":{"@id":"https:\/\/esgrima-manresa.cat\/world-fencing-day-2022\/#primaryimage"},"image":{"@id":"https:\/\/esgrima-manresa.cat\/world-fencing-day-2022\/#primaryimage"},"thumbnailUrl":"https:\/\/esgrima-manresa.cat\/wp-content\/uploads\/2022\/09\/World-fencing-day-2022.jpeg","datePublished":"2022-09-10T19:30:12+00:00","dateModified":"2022-10-28T09:23:00+00:00","description":"El dia m\u00e9s caracter\u00edstic de l'any! Apr\u00e8n el que es fa al voltant d'aquest esdeveniment que uneix a tota la fam\u00edlia de l'esgrima!","breadcrumb":{"@id":"https:\/\/esgrima-manresa.cat\/world-fencing-day-2022\/#breadcrumb"},"inLanguage":"ca","potentialAction":[{"@type":"ReadAction","target":["https:\/\/esgrima-manresa.cat\/world-fencing-day-2022\/"]}]},{"@type":"ImageObject","inLanguage":"ca","@id":"https:\/\/esgrima-manresa.cat\/world-fencing-day-2022\/#primaryimage","url":"https:\/\/esgrima-manresa.cat\/wp-content\/uploads\/2022\/09\/World-fencing-day-2022.jpeg","contentUrl":"https:\/\/esgrima-manresa.cat\/wp-content\/uploads\/2022\/09\/World-fencing-day-2022.jpeg","width":1769,"height":1241},{"@type":"BreadcrumbList","@id":"https:\/\/esgrima-manresa.cat\/world-fencing-day-2022\/#breadcrumb","itemListElement":[{"@type":"ListItem","position":1,"name":"Inici","item":"https:\/\/esgrima-manresa.cat\/"},{"@type":"ListItem","position":2,"name":"Dia mundial de l&#8217;esgrima 2022"}]},{"@type":"WebSite","@id":"https:\/\/esgrima-manresa.cat\/ca\/#website","url":"https:\/\/esgrima-manresa.cat\/ca\/","name":"Club d'Esgrima SH Manresa","description":"Club d'Esgrima a la ciutat de Manresa","publisher":{"@id":"https:\/\/esgrima-manresa.cat\/ca\/#organization"},"potentialAction":[{"@type":"SearchAction","target":{"@type":"EntryPoint","urlTemplate":"https:\/\/esgrima-manresa.cat\/ca\/?s={search_term_string}"},"query-input":{"@type":"PropertyValueSpecification","valueRequired":true,"valueName":"search_term_string"}}],"inLanguage":"ca"},{"@type":"Organization","@id":"https:\/\/esgrima-manresa.cat\/ca\/#organization","name":"Club Esgrima SH Manresa","url":"https:\/\/esgrima-manresa.cat\/ca\/","logo":{"@type":"ImageObject","inLanguage":"ca","@id":"https:\/\/esgrima-manresa.cat\/ca\/#\/schema\/logo\/image\/","url":"https:\/\/esgrima-manresa.cat\/wp-content\/uploads\/2022\/07\/newlogoSQ-1024x1024-1.png","contentUrl":"https:\/\/esgrima-manresa.cat\/wp-content\/uploads\/2022\/07\/newlogoSQ-1024x1024-1.png","width":1024,"height":1024,"caption":"Club Esgrima SH Manresa"},"image":{"@id":"https:\/\/esgrima-manresa.cat\/ca\/#\/schema\/logo\/image\/"},"sameAs":["https:\/\/www.facebook.com\/esgrima.manresa","https:\/\/x.com\/esgrimashm","https:\/\/www.instagram.com\/esgrima.manresa\/","https:\/\/www.youtube.com\/channel\/UCMipZdwrXRZhKagmz3Ob8Rg"]},{"@type":"Person","@id":"https:\/\/esgrima-manresa.cat\/ca\/#\/schema\/person\/b0ac727452316bfe906b4dfe681623ad","name":"admin@esgrima-manresa.cat","image":{"@type":"ImageObject","inLanguage":"ca","@id":"https:\/\/secure.gravatar.com\/avatar\/6390443e6acad527e4583883eac651e3c054138d485afef2492e86cff4d795f0?s=96&d=mm&r=g","url":"https:\/\/secure.gravatar.com\/avatar\/6390443e6acad527e4583883eac651e3c054138d485afef2492e86cff4d795f0?s=96&d=mm&r=g","contentUrl":"https:\/\/secure.gravatar.com\/avatar\/6390443e6acad527e4583883eac651e3c054138d485afef2492e86cff4d795f0?s=96&d=mm&r=g","caption":"admin@esgrima-manresa.cat"},"sameAs":["https:\/\/esgrima-manresa.cat"],"url":"https:\/\/esgrima-manresa.cat\/ca\/author\/adminesgrima-manresa-cat\/"}]}},"jetpack_featured_media_url":"https:\/\/esgrima-manresa.cat\/wp-content\/uploads\/2022\/09\/World-fencing-day-2022.jpeg","jetpack_sharing_enabled":true,"_links":{"self":[{"href":"https:\/\/esgrima-manresa.cat\/ca\/wp-json\/wp\/v2\/posts\/7321","targetHints":{"allow":["GET"]}}],"collection":[{"href":"https:\/\/esgrima-manresa.cat\/ca\/wp-json\/wp\/v2\/posts"}],"about":[{"href":"https:\/\/esgrima-manresa.cat\/ca\/wp-json\/wp\/v2\/types\/post"}],"author":[{"embeddable":true,"href":"https:\/\/esgrima-manresa.cat\/ca\/wp-json\/wp\/v2\/users\/1"}],"replies":[{"embeddable":true,"href":"https:\/\/esgrima-manresa.cat\/ca\/wp-json\/wp\/v2\/comments?post=7321"}],"version-history":[{"count":11,"href":"https:\/\/esgrima-manresa.cat\/ca\/wp-json\/wp\/v2\/posts\/7321\/revisions"}],"predecessor-version":[{"id":8124,"href":"https:\/\/esgrima-manresa.cat\/ca\/wp-json\/wp\/v2\/posts\/7321\/revisions\/8124"}],"wp:featuredmedia":[{"embeddable":true,"href":"https:\/\/esgrima-manresa.cat\/ca\/wp-json\/wp\/v2\/media\/7323"}],"wp:attachment":[{"href":"https:\/\/esgrima-manresa.cat\/ca\/wp-json\/wp\/v2\/media?parent=7321"}],"wp:term":[{"taxonomy":"category","embeddable":true,"href":"https:\/\/esgrima-manresa.cat\/ca\/wp-json\/wp\/v2\/categories?post=7321"},{"taxonomy":"post_tag","embeddable":true,"href":"https:\/\/esgrima-manresa.cat\/ca\/wp-json\/wp\/v2\/tags?post=7321"}],"curies":[{"name":"wp","href":"https:\/\/api.w.org\/{rel}","templated":true}]}}