{"id":7041,"date":"2022-09-06T10:38:08","date_gmt":"2022-09-06T08:38:08","guid":{"rendered":"https:\/\/esgrima-manresa.cat\/?p=7041"},"modified":"2022-10-28T11:24:58","modified_gmt":"2022-10-28T09:24:58","slug":"nominacio-a-la-nit-de-lesportista","status":"publish","type":"post","link":"https:\/\/esgrima-manresa.cat\/es\/nominacio-a-la-nit-de-lesportista\/","title":{"rendered":"Nominaci\u00f3 a la Nit de l&#8217;esportista de Manresa"},"content":{"rendered":"<div data-elementor-type=\"wp-post\" data-elementor-id=\"7041\" class=\"elementor elementor-7041\" data-elementor-post-type=\"post\">\n\t\t\t\t\t\t<section class=\"elementor-section elementor-top-section elementor-element elementor-element-ae4de62 elementor-section-boxed elementor-section-height-default elementor-section-height-default\" data-id=\"ae4de62\" data-element_type=\"section\" data-e-type=\"section\">\n\t\t\t\t\t\t<div class=\"elementor-container elementor-column-gap-default\">\n\t\t\t\t\t<div class=\"elementor-column elementor-col-100 elementor-top-column elementor-element elementor-element-9ec8b95\" data-id=\"9ec8b95\" data-element_type=\"column\" data-e-type=\"column\">\n\t\t\t<div class=\"elementor-widget-wrap elementor-element-populated\">\n\t\t\t\t\t\t<div class=\"elementor-element elementor-element-1cf25de elementor-widget elementor-widget-heading\" data-id=\"1cf25de\" data-element_type=\"widget\" data-e-type=\"widget\" data-widget_type=\"heading.default\">\n\t\t\t\t<div class=\"elementor-widget-container\">\n\t\t\t\t\t<h1 class=\"elementor-heading-title elementor-size-default\">Nominaci\u00f3 a la <i>\"Nit de l'esportista\"<\/i><\/h1>\t\t\t\t<\/div>\n\t\t\t\t<\/div>\n\t\t\t\t<div class=\"elementor-element elementor-element-ce77d94 elementor-widget elementor-widget-heading\" data-id=\"ce77d94\" data-element_type=\"widget\" data-e-type=\"widget\" data-widget_type=\"heading.default\">\n\t\t\t\t<div class=\"elementor-widget-container\">\n\t\t\t\t\t<h4 class=\"elementor-heading-title elementor-size-default\">Adri\u00e1n Rom\u00e1n rep un guard\u00f3 \npels resultats obtinguts<\/h4>\t\t\t\t<\/div>\n\t\t\t\t<\/div>\n\t\t\t\t<div class=\"elementor-element elementor-element-9ae82a0 elementor-widget elementor-widget-spacer\" data-id=\"9ae82a0\" data-element_type=\"widget\" data-e-type=\"widget\" data-widget_type=\"spacer.default\">\n\t\t\t\t<div class=\"elementor-widget-container\">\n\t\t\t\t\t\t\t<div class=\"elementor-spacer\">\n\t\t\t<div class=\"elementor-spacer-inner\"><\/div>\n\t\t<\/div>\n\t\t\t\t\t\t<\/div>\n\t\t\t\t<\/div>\n\t\t\t\t<div class=\"elementor-element elementor-element-6c1c3b0 elementor-widget elementor-widget-text-editor\" data-id=\"6c1c3b0\" data-element_type=\"widget\" data-e-type=\"widget\" data-widget_type=\"text-editor.default\">\n\t\t\t\t<div class=\"elementor-widget-container\">\n\t\t\t\t\t\t\t\t\t<p>Aquest proper dimecres dia 7 de Setembre es celebra la <strong>51a Gala de l&#8217;esport manres\u00e0<\/strong>, tamb\u00e9 coneguda com a<em> &#8220;Nit de l&#8217;esportista de Manresa&#8221;<\/em>. En aquest esdeveniment es fan entregues de premis als millors esportistes de la ciutat de Manresa o amb entitats esportives amb seu a la ciutat.<\/p>\t\t\t\t\t\t\t\t<\/div>\n\t\t\t\t<\/div>\n\t\t\t\t<div class=\"elementor-element elementor-element-d27f5d2 elementor-widget elementor-widget-text-editor\" data-id=\"d27f5d2\" data-element_type=\"widget\" data-e-type=\"widget\" data-widget_type=\"text-editor.default\">\n\t\t\t\t<div class=\"elementor-widget-container\">\n\t\t\t\t\t\t\t\t\t<p>El nostre jove tirador, <em>Adri\u00e1n Rom\u00e1n<\/em>, ha sigut nominat per segona vegada a millor esportista jove. No \u00e9s la primera vegada que un esportista del club hi participa ja que en <em>Mallol Vall<\/em> tamb\u00e9 ha sigut nominat en ocasions anteriors. Aquest cop, per\u00f2, el seu company de club opta a poder destacar a la categoria de joves esportistes, amb m\u00e8rits com la primera posici\u00f3 als <em>Campionats del Mediterrani d&#8217;Esgrima<\/em> i una segona posici\u00f3 als Campionats d&#8217;Espanya per a menors de 15 anys.<\/p>\t\t\t\t\t\t\t\t<\/div>\n\t\t\t\t<\/div>\n\t\t\t\t<div class=\"elementor-element elementor-element-f2bf607 elementor-widget elementor-widget-text-editor\" data-id=\"f2bf607\" data-element_type=\"widget\" data-e-type=\"widget\" data-widget_type=\"text-editor.default\">\n\t\t\t\t<div class=\"elementor-widget-container\">\n\t\t\t\t\t\t\t\t\t<p>L&#8217;espectacle es realitzar\u00e0 <strong>al teatre Kursaal de Manresa<\/strong> aquest proper dimecres dia 7 de Setembre a les 19h. i les entrades s\u00f3n gratu\u00eftes. No obstant, per a poder accedir-hi cal fer una reserva online a trav\u00e9s de la web del Kursaal.<\/p><p>Ho podeu fer a trav\u00e9s del seg\u00fcent <a href=\"https:\/\/kursaal.koobin.cat\/nitdelesportista2022\" target=\"_blank\" rel=\"noopener\">enlla\u00e7<\/a>. Animeu-vos i feu costat a l&#8217;Adri\u00e1n en aquesta nit memorable! Encara hi queden localitats disponibles!<\/p>\t\t\t\t\t\t\t\t<\/div>\n\t\t\t\t<\/div>\n\t\t\t\t<div class=\"elementor-element elementor-element-e4d1b16 elementor-widget elementor-widget-spacer\" data-id=\"e4d1b16\" data-element_type=\"widget\" data-e-type=\"widget\" data-widget_type=\"spacer.default\">\n\t\t\t\t<div class=\"elementor-widget-container\">\n\t\t\t\t\t\t\t<div class=\"elementor-spacer\">\n\t\t\t<div class=\"elementor-spacer-inner\"><\/div>\n\t\t<\/div>\n\t\t\t\t\t\t<\/div>\n\t\t\t\t<\/div>\n\t\t\t\t\t<\/div>\n\t\t<\/div>\n\t\t\t\t\t<\/div>\n\t\t<\/section>\n\t\t\t\t<section class=\"elementor-section elementor-top-section elementor-element elementor-element-54ad253 elementor-section-full_width elementor-section-stretched elementor-section-height-min-height elementor-section-height-default elementor-section-items-middle\" data-id=\"54ad253\" data-element_type=\"section\" data-e-type=\"section\" data-settings=\"{&quot;stretch_section&quot;:&quot;section-stretched&quot;,&quot;background_background&quot;:&quot;classic&quot;}\">\n\t\t\t\t\t\t\t<div class=\"elementor-background-overlay\"><\/div>\n\t\t\t\t\t\t\t<div class=\"elementor-container elementor-column-gap-default\">\n\t\t\t\t\t<div class=\"elementor-column elementor-col-100 elementor-top-column elementor-element elementor-element-ea879c6\" data-id=\"ea879c6\" data-element_type=\"column\" data-e-type=\"column\">\n\t\t\t<div class=\"elementor-widget-wrap elementor-element-populated\">\n\t\t\t\t\t\t<div class=\"elementor-element elementor-element-f2689fa elementor-widget elementor-widget-heading\" data-id=\"f2689fa\" data-element_type=\"widget\" data-e-type=\"widget\" data-widget_type=\"heading.default\">\n\t\t\t\t<div class=\"elementor-widget-container\">\n\t\t\t\t\t<h4 class=\"elementor-heading-title elementor-size-default\">Contacte amb nosaltres!<\/h4>\t\t\t\t<\/div>\n\t\t\t\t<\/div>\n\t\t\t\t<div class=\"elementor-element elementor-element-42e80df elementor-align-center elementor-mobile-align-center elementor-tablet-align-center elementor-widget__width-inherit elementor-widget elementor-widget-button\" data-id=\"42e80df\" data-element_type=\"widget\" data-e-type=\"widget\" data-widget_type=\"button.default\">\n\t\t\t\t<div class=\"elementor-widget-container\">\n\t\t\t\t\t\t\t\t\t<div class=\"elementor-button-wrapper\">\n\t\t\t\t\t<a class=\"elementor-button elementor-button-link elementor-size-lg elementor-animation-grow\" href=\"https:\/\/esgrima-manresa.cat\/es\/#contact\">\n\t\t\t\t\t\t<span class=\"elementor-button-content-wrapper\">\n\t\t\t\t\t\t\t\t\t<span class=\"elementor-button-text\">contacto<\/span>\n\t\t\t\t\t<\/span>\n\t\t\t\t\t<\/a>\n\t\t\t\t<\/div>\n\t\t\t\t\t\t\t\t<\/div>\n\t\t\t\t<\/div>\n\t\t\t\t\t<\/div>\n\t\t<\/div>\n\t\t\t\t\t<\/div>\n\t\t<\/section>\n\t\t\t\t<\/div>","protected":false},"excerpt":{"rendered":"<p>Nominaci\u00f3 a la &#8220;Nit de l&#8217;esportista&#8221; Adri\u00e1n Rom\u00e1n rep un guard\u00f3 pels resultats obtinguts Aquest proper dimecres dia 7 de Setembre es celebra la 51a Gala de l&#8217;esport manres\u00e0, tamb\u00e9 coneguda com a &#8220;Nit de l&#8217;esportista de Manresa&#8221;. En aquest esdeveniment es fan entregues de premis als millors esportistes de [&hellip;]<\/p>\n","protected":false},"author":1,"featured_media":7043,"comment_status":"closed","ping_status":"closed","sticky":false,"template":"","format":"standard","meta":{"_jetpack_memberships_contains_paid_content":false,"footnotes":""},"categories":[2],"tags":[12,32,62,137],"class_list":["post-7041","post","type-post","status-publish","format-standard","has-post-thumbnail","hentry","category-esdeveniments","tag-2022-2023","tag-esgrima","tag-manresa","tag-nit-de-lesport"],"yoast_head":"<!-- This site is optimized with the Yoast SEO plugin v27.4 - https:\/\/yoast.com\/product\/yoast-seo-wordpress\/ -->\n<title>Nominaci\u00f3 a la Nit de l&#039;esportista de Manresa - Club Esgrima SHM<\/title>\n<meta name=\"description\" content=\"Nominaci\u00f3 a la Nit de l&#039;Esportista de Manresa, a on participem a aquest esdeveniment del m\u00f3n esportiu m\u00e9s important de la ciutat!\" \/>\n<meta name=\"robots\" content=\"index, follow, max-snippet:-1, max-image-preview:large, max-video-preview:-1\" \/>\n<link rel=\"canonical\" href=\"https:\/\/esgrima-manresa.cat\/es\/nominacio-a-la-nit-de-lesportista\/\" \/>\n<meta property=\"og:locale\" content=\"es_ES\" \/>\n<meta property=\"og:type\" content=\"article\" \/>\n<meta property=\"og:title\" content=\"Nominaci\u00f3 a la Nit de l&#039;esportista de Manresa - Club Esgrima SHM\" \/>\n<meta property=\"og:description\" content=\"Nominaci\u00f3 a la Nit de l&#039;Esportista de Manresa, a on participem a aquest esdeveniment del m\u00f3n esportiu m\u00e9s important de la ciutat!\" \/>\n<meta property=\"og:url\" content=\"https:\/\/esgrima-manresa.cat\/es\/nominacio-a-la-nit-de-lesportista\/\" \/>\n<meta property=\"og:site_name\" content=\"Club d&#039;Esgrima SH Manresa\" \/>\n<meta property=\"article:publisher\" content=\"https:\/\/www.facebook.com\/esgrima.manresa\" \/>\n<meta property=\"article:published_time\" content=\"2022-09-06T08:38:08+00:00\" \/>\n<meta property=\"article:modified_time\" content=\"2022-10-28T09:24:58+00:00\" \/>\n<meta property=\"og:image\" content=\"https:\/\/esgrima-manresa.cat\/wp-content\/uploads\/2022\/09\/290779029_431119845693030_3757158568215102723_n.jpg\" \/>\n\t<meta property=\"og:image:width\" content=\"2048\" \/>\n\t<meta property=\"og:image:height\" content=\"1365\" \/>\n\t<meta property=\"og:image:type\" content=\"image\/jpeg\" \/>\n<meta name=\"author\" content=\"admin@esgrima-manresa.cat\" \/>\n<meta name=\"twitter:card\" content=\"summary_large_image\" \/>\n<meta name=\"twitter:creator\" content=\"@esgrimashm\" \/>\n<meta name=\"twitter:site\" content=\"@esgrimashm\" \/>\n<meta name=\"twitter:label1\" content=\"Escrito por\" \/>\n\t<meta name=\"twitter:data1\" content=\"admin@esgrima-manresa.cat\" \/>\n\t<meta name=\"twitter:label2\" content=\"Tiempo de lectura\" \/>\n\t<meta name=\"twitter:data2\" content=\"2 minutos\" \/>\n<script type=\"application\/ld+json\" class=\"yoast-schema-graph\">{\"@context\":\"https:\\\/\\\/schema.org\",\"@graph\":[{\"@type\":\"Article\",\"@id\":\"https:\\\/\\\/esgrima-manresa.cat\\\/nominacio-a-la-nit-de-lesportista\\\/#article\",\"isPartOf\":{\"@id\":\"https:\\\/\\\/esgrima-manresa.cat\\\/nominacio-a-la-nit-de-lesportista\\\/\"},\"author\":{\"name\":\"admin@esgrima-manresa.cat\",\"@id\":\"https:\\\/\\\/esgrima-manresa.cat\\\/ca\\\/#\\\/schema\\\/person\\\/b0ac727452316bfe906b4dfe681623ad\"},\"headline\":\"Nominaci\u00f3 a la Nit de l&#8217;esportista de Manresa\",\"datePublished\":\"2022-09-06T08:38:08+00:00\",\"dateModified\":\"2022-10-28T09:24:58+00:00\",\"mainEntityOfPage\":{\"@id\":\"https:\\\/\\\/esgrima-manresa.cat\\\/nominacio-a-la-nit-de-lesportista\\\/\"},\"wordCount\":229,\"publisher\":{\"@id\":\"https:\\\/\\\/esgrima-manresa.cat\\\/ca\\\/#organization\"},\"image\":{\"@id\":\"https:\\\/\\\/esgrima-manresa.cat\\\/nominacio-a-la-nit-de-lesportista\\\/#primaryimage\"},\"thumbnailUrl\":\"https:\\\/\\\/esgrima-manresa.cat\\\/wp-content\\\/uploads\\\/2022\\\/09\\\/290779029_431119845693030_3757158568215102723_n.jpg\",\"keywords\":[\"2022-2023\",\"Esgrima\",\"Manresa\",\"Nit de l'esport\"],\"articleSection\":[\"Esdeveniments\"],\"inLanguage\":\"es\"},{\"@type\":\"WebPage\",\"@id\":\"https:\\\/\\\/esgrima-manresa.cat\\\/nominacio-a-la-nit-de-lesportista\\\/\",\"url\":\"https:\\\/\\\/esgrima-manresa.cat\\\/nominacio-a-la-nit-de-lesportista\\\/\",\"name\":\"Nominaci\u00f3 a la Nit de l'esportista de Manresa - Club Esgrima SHM\",\"isPartOf\":{\"@id\":\"https:\\\/\\\/esgrima-manresa.cat\\\/ca\\\/#website\"},\"primaryImageOfPage\":{\"@id\":\"https:\\\/\\\/esgrima-manresa.cat\\\/nominacio-a-la-nit-de-lesportista\\\/#primaryimage\"},\"image\":{\"@id\":\"https:\\\/\\\/esgrima-manresa.cat\\\/nominacio-a-la-nit-de-lesportista\\\/#primaryimage\"},\"thumbnailUrl\":\"https:\\\/\\\/esgrima-manresa.cat\\\/wp-content\\\/uploads\\\/2022\\\/09\\\/290779029_431119845693030_3757158568215102723_n.jpg\",\"datePublished\":\"2022-09-06T08:38:08+00:00\",\"dateModified\":\"2022-10-28T09:24:58+00:00\",\"description\":\"Nominaci\u00f3 a la Nit de l'Esportista de Manresa, a on participem a aquest esdeveniment del m\u00f3n esportiu m\u00e9s important de la ciutat!\",\"breadcrumb\":{\"@id\":\"https:\\\/\\\/esgrima-manresa.cat\\\/nominacio-a-la-nit-de-lesportista\\\/#breadcrumb\"},\"inLanguage\":\"es\",\"potentialAction\":[{\"@type\":\"ReadAction\",\"target\":[\"https:\\\/\\\/esgrima-manresa.cat\\\/nominacio-a-la-nit-de-lesportista\\\/\"]}]},{\"@type\":\"ImageObject\",\"inLanguage\":\"es\",\"@id\":\"https:\\\/\\\/esgrima-manresa.cat\\\/nominacio-a-la-nit-de-lesportista\\\/#primaryimage\",\"url\":\"https:\\\/\\\/esgrima-manresa.cat\\\/wp-content\\\/uploads\\\/2022\\\/09\\\/290779029_431119845693030_3757158568215102723_n.jpg\",\"contentUrl\":\"https:\\\/\\\/esgrima-manresa.cat\\\/wp-content\\\/uploads\\\/2022\\\/09\\\/290779029_431119845693030_3757158568215102723_n.jpg\",\"width\":2048,\"height\":1365},{\"@type\":\"BreadcrumbList\",\"@id\":\"https:\\\/\\\/esgrima-manresa.cat\\\/nominacio-a-la-nit-de-lesportista\\\/#breadcrumb\",\"itemListElement\":[{\"@type\":\"ListItem\",\"position\":1,\"name\":\"Inici\",\"item\":\"https:\\\/\\\/esgrima-manresa.cat\\\/\"},{\"@type\":\"ListItem\",\"position\":2,\"name\":\"Nominaci\u00f3 a la Nit de l&#8217;esportista de Manresa\"}]},{\"@type\":\"WebSite\",\"@id\":\"https:\\\/\\\/esgrima-manresa.cat\\\/ca\\\/#website\",\"url\":\"https:\\\/\\\/esgrima-manresa.cat\\\/ca\\\/\",\"name\":\"Club d'Esgrima SH Manresa\",\"description\":\"Club d'Esgrima a la ciutat de Manresa\",\"publisher\":{\"@id\":\"https:\\\/\\\/esgrima-manresa.cat\\\/ca\\\/#organization\"},\"potentialAction\":[{\"@type\":\"SearchAction\",\"target\":{\"@type\":\"EntryPoint\",\"urlTemplate\":\"https:\\\/\\\/esgrima-manresa.cat\\\/ca\\\/?s={search_term_string}\"},\"query-input\":{\"@type\":\"PropertyValueSpecification\",\"valueRequired\":true,\"valueName\":\"search_term_string\"}}],\"inLanguage\":\"es\"},{\"@type\":\"Organization\",\"@id\":\"https:\\\/\\\/esgrima-manresa.cat\\\/ca\\\/#organization\",\"name\":\"Club Esgrima SH Manresa\",\"url\":\"https:\\\/\\\/esgrima-manresa.cat\\\/ca\\\/\",\"logo\":{\"@type\":\"ImageObject\",\"inLanguage\":\"es\",\"@id\":\"https:\\\/\\\/esgrima-manresa.cat\\\/ca\\\/#\\\/schema\\\/logo\\\/image\\\/\",\"url\":\"https:\\\/\\\/esgrima-manresa.cat\\\/wp-content\\\/uploads\\\/2022\\\/07\\\/newlogoSQ-1024x1024-1.png\",\"contentUrl\":\"https:\\\/\\\/esgrima-manresa.cat\\\/wp-content\\\/uploads\\\/2022\\\/07\\\/newlogoSQ-1024x1024-1.png\",\"width\":1024,\"height\":1024,\"caption\":\"Club Esgrima SH Manresa\"},\"image\":{\"@id\":\"https:\\\/\\\/esgrima-manresa.cat\\\/ca\\\/#\\\/schema\\\/logo\\\/image\\\/\"},\"sameAs\":[\"https:\\\/\\\/www.facebook.com\\\/esgrima.manresa\",\"https:\\\/\\\/x.com\\\/esgrimashm\",\"https:\\\/\\\/www.instagram.com\\\/esgrima.manresa\\\/\",\"https:\\\/\\\/www.youtube.com\\\/channel\\\/UCMipZdwrXRZhKagmz3Ob8Rg\"]},{\"@type\":\"Person\",\"@id\":\"https:\\\/\\\/esgrima-manresa.cat\\\/ca\\\/#\\\/schema\\\/person\\\/b0ac727452316bfe906b4dfe681623ad\",\"name\":\"admin@esgrima-manresa.cat\",\"image\":{\"@type\":\"ImageObject\",\"inLanguage\":\"es\",\"@id\":\"https:\\\/\\\/secure.gravatar.com\\\/avatar\\\/6390443e6acad527e4583883eac651e3c054138d485afef2492e86cff4d795f0?s=96&d=mm&r=g\",\"url\":\"https:\\\/\\\/secure.gravatar.com\\\/avatar\\\/6390443e6acad527e4583883eac651e3c054138d485afef2492e86cff4d795f0?s=96&d=mm&r=g\",\"contentUrl\":\"https:\\\/\\\/secure.gravatar.com\\\/avatar\\\/6390443e6acad527e4583883eac651e3c054138d485afef2492e86cff4d795f0?s=96&d=mm&r=g\",\"caption\":\"admin@esgrima-manresa.cat\"},\"sameAs\":[\"https:\\\/\\\/esgrima-manresa.cat\"],\"url\":\"https:\\\/\\\/esgrima-manresa.cat\\\/es\\\/author\\\/adminesgrima-manresa-cat\\\/\"}]}<\/script>\n<!-- \/ Yoast SEO plugin. -->","yoast_head_json":{"title":"Nominaci\u00f3 a la Nit de l'esportista de Manresa - Club Esgrima SHM","description":"Nominaci\u00f3 a la Nit de l'Esportista de Manresa, a on participem a aquest esdeveniment del m\u00f3n esportiu m\u00e9s important de la ciutat!","robots":{"index":"index","follow":"follow","max-snippet":"max-snippet:-1","max-image-preview":"max-image-preview:large","max-video-preview":"max-video-preview:-1"},"canonical":"https:\/\/esgrima-manresa.cat\/es\/nominacio-a-la-nit-de-lesportista\/","og_locale":"es_ES","og_type":"article","og_title":"Nominaci\u00f3 a la Nit de l'esportista de Manresa - Club Esgrima SHM","og_description":"Nominaci\u00f3 a la Nit de l'Esportista de Manresa, a on participem a aquest esdeveniment del m\u00f3n esportiu m\u00e9s important de la ciutat!","og_url":"https:\/\/esgrima-manresa.cat\/es\/nominacio-a-la-nit-de-lesportista\/","og_site_name":"Club d'Esgrima SH Manresa","article_publisher":"https:\/\/www.facebook.com\/esgrima.manresa","article_published_time":"2022-09-06T08:38:08+00:00","article_modified_time":"2022-10-28T09:24:58+00:00","og_image":[{"width":2048,"height":1365,"url":"https:\/\/esgrima-manresa.cat\/wp-content\/uploads\/2022\/09\/290779029_431119845693030_3757158568215102723_n.jpg","type":"image\/jpeg"}],"author":"admin@esgrima-manresa.cat","twitter_card":"summary_large_image","twitter_creator":"@esgrimashm","twitter_site":"@esgrimashm","twitter_misc":{"Escrito por":"admin@esgrima-manresa.cat","Tiempo de lectura":"2 minutos"},"schema":{"@context":"https:\/\/schema.org","@graph":[{"@type":"Article","@id":"https:\/\/esgrima-manresa.cat\/nominacio-a-la-nit-de-lesportista\/#article","isPartOf":{"@id":"https:\/\/esgrima-manresa.cat\/nominacio-a-la-nit-de-lesportista\/"},"author":{"name":"admin@esgrima-manresa.cat","@id":"https:\/\/esgrima-manresa.cat\/ca\/#\/schema\/person\/b0ac727452316bfe906b4dfe681623ad"},"headline":"Nominaci\u00f3 a la Nit de l&#8217;esportista de Manresa","datePublished":"2022-09-06T08:38:08+00:00","dateModified":"2022-10-28T09:24:58+00:00","mainEntityOfPage":{"@id":"https:\/\/esgrima-manresa.cat\/nominacio-a-la-nit-de-lesportista\/"},"wordCount":229,"publisher":{"@id":"https:\/\/esgrima-manresa.cat\/ca\/#organization"},"image":{"@id":"https:\/\/esgrima-manresa.cat\/nominacio-a-la-nit-de-lesportista\/#primaryimage"},"thumbnailUrl":"https:\/\/esgrima-manresa.cat\/wp-content\/uploads\/2022\/09\/290779029_431119845693030_3757158568215102723_n.jpg","keywords":["2022-2023","Esgrima","Manresa","Nit de l'esport"],"articleSection":["Esdeveniments"],"inLanguage":"es"},{"@type":"WebPage","@id":"https:\/\/esgrima-manresa.cat\/nominacio-a-la-nit-de-lesportista\/","url":"https:\/\/esgrima-manresa.cat\/nominacio-a-la-nit-de-lesportista\/","name":"Nominaci\u00f3 a la Nit de l'esportista de Manresa - Club Esgrima SHM","isPartOf":{"@id":"https:\/\/esgrima-manresa.cat\/ca\/#website"},"primaryImageOfPage":{"@id":"https:\/\/esgrima-manresa.cat\/nominacio-a-la-nit-de-lesportista\/#primaryimage"},"image":{"@id":"https:\/\/esgrima-manresa.cat\/nominacio-a-la-nit-de-lesportista\/#primaryimage"},"thumbnailUrl":"https:\/\/esgrima-manresa.cat\/wp-content\/uploads\/2022\/09\/290779029_431119845693030_3757158568215102723_n.jpg","datePublished":"2022-09-06T08:38:08+00:00","dateModified":"2022-10-28T09:24:58+00:00","description":"Nominaci\u00f3 a la Nit de l'Esportista de Manresa, a on participem a aquest esdeveniment del m\u00f3n esportiu m\u00e9s important de la ciutat!","breadcrumb":{"@id":"https:\/\/esgrima-manresa.cat\/nominacio-a-la-nit-de-lesportista\/#breadcrumb"},"inLanguage":"es","potentialAction":[{"@type":"ReadAction","target":["https:\/\/esgrima-manresa.cat\/nominacio-a-la-nit-de-lesportista\/"]}]},{"@type":"ImageObject","inLanguage":"es","@id":"https:\/\/esgrima-manresa.cat\/nominacio-a-la-nit-de-lesportista\/#primaryimage","url":"https:\/\/esgrima-manresa.cat\/wp-content\/uploads\/2022\/09\/290779029_431119845693030_3757158568215102723_n.jpg","contentUrl":"https:\/\/esgrima-manresa.cat\/wp-content\/uploads\/2022\/09\/290779029_431119845693030_3757158568215102723_n.jpg","width":2048,"height":1365},{"@type":"BreadcrumbList","@id":"https:\/\/esgrima-manresa.cat\/nominacio-a-la-nit-de-lesportista\/#breadcrumb","itemListElement":[{"@type":"ListItem","position":1,"name":"Inici","item":"https:\/\/esgrima-manresa.cat\/"},{"@type":"ListItem","position":2,"name":"Nominaci\u00f3 a la Nit de l&#8217;esportista de Manresa"}]},{"@type":"WebSite","@id":"https:\/\/esgrima-manresa.cat\/ca\/#website","url":"https:\/\/esgrima-manresa.cat\/ca\/","name":"Club de Esgrima SH Manresa","description":"Club d'Esgrima a la ciutat de Manresa","publisher":{"@id":"https:\/\/esgrima-manresa.cat\/ca\/#organization"},"potentialAction":[{"@type":"SearchAction","target":{"@type":"EntryPoint","urlTemplate":"https:\/\/esgrima-manresa.cat\/ca\/?s={search_term_string}"},"query-input":{"@type":"PropertyValueSpecification","valueRequired":true,"valueName":"search_term_string"}}],"inLanguage":"es"},{"@type":"Organization","@id":"https:\/\/esgrima-manresa.cat\/ca\/#organization","name":"Club Esgrima SH Manresa","url":"https:\/\/esgrima-manresa.cat\/ca\/","logo":{"@type":"ImageObject","inLanguage":"es","@id":"https:\/\/esgrima-manresa.cat\/ca\/#\/schema\/logo\/image\/","url":"https:\/\/esgrima-manresa.cat\/wp-content\/uploads\/2022\/07\/newlogoSQ-1024x1024-1.png","contentUrl":"https:\/\/esgrima-manresa.cat\/wp-content\/uploads\/2022\/07\/newlogoSQ-1024x1024-1.png","width":1024,"height":1024,"caption":"Club Esgrima SH Manresa"},"image":{"@id":"https:\/\/esgrima-manresa.cat\/ca\/#\/schema\/logo\/image\/"},"sameAs":["https:\/\/www.facebook.com\/esgrima.manresa","https:\/\/x.com\/esgrimashm","https:\/\/www.instagram.com\/esgrima.manresa\/","https:\/\/www.youtube.com\/channel\/UCMipZdwrXRZhKagmz3Ob8Rg"]},{"@type":"Person","@id":"https:\/\/esgrima-manresa.cat\/ca\/#\/schema\/person\/b0ac727452316bfe906b4dfe681623ad","name":"admin@esgrima-manresa.cat","image":{"@type":"ImageObject","inLanguage":"es","@id":"https:\/\/secure.gravatar.com\/avatar\/6390443e6acad527e4583883eac651e3c054138d485afef2492e86cff4d795f0?s=96&d=mm&r=g","url":"https:\/\/secure.gravatar.com\/avatar\/6390443e6acad527e4583883eac651e3c054138d485afef2492e86cff4d795f0?s=96&d=mm&r=g","contentUrl":"https:\/\/secure.gravatar.com\/avatar\/6390443e6acad527e4583883eac651e3c054138d485afef2492e86cff4d795f0?s=96&d=mm&r=g","caption":"admin@esgrima-manresa.cat"},"sameAs":["https:\/\/esgrima-manresa.cat"],"url":"https:\/\/esgrima-manresa.cat\/es\/author\/adminesgrima-manresa-cat\/"}]}},"jetpack_featured_media_url":"https:\/\/esgrima-manresa.cat\/wp-content\/uploads\/2022\/09\/290779029_431119845693030_3757158568215102723_n.jpg","jetpack_sharing_enabled":true,"_links":{"self":[{"href":"https:\/\/esgrima-manresa.cat\/es\/wp-json\/wp\/v2\/posts\/7041","targetHints":{"allow":["GET"]}}],"collection":[{"href":"https:\/\/esgrima-manresa.cat\/es\/wp-json\/wp\/v2\/posts"}],"about":[{"href":"https:\/\/esgrima-manresa.cat\/es\/wp-json\/wp\/v2\/types\/post"}],"author":[{"embeddable":true,"href":"https:\/\/esgrima-manresa.cat\/es\/wp-json\/wp\/v2\/users\/1"}],"replies":[{"embeddable":true,"href":"https:\/\/esgrima-manresa.cat\/es\/wp-json\/wp\/v2\/comments?post=7041"}],"version-history":[{"count":18,"href":"https:\/\/esgrima-manresa.cat\/es\/wp-json\/wp\/v2\/posts\/7041\/revisions"}],"predecessor-version":[{"id":8126,"href":"https:\/\/esgrima-manresa.cat\/es\/wp-json\/wp\/v2\/posts\/7041\/revisions\/8126"}],"wp:featuredmedia":[{"embeddable":true,"href":"https:\/\/esgrima-manresa.cat\/es\/wp-json\/wp\/v2\/media\/7043"}],"wp:attachment":[{"href":"https:\/\/esgrima-manresa.cat\/es\/wp-json\/wp\/v2\/media?parent=7041"}],"wp:term":[{"taxonomy":"category","embeddable":true,"href":"https:\/\/esgrima-manresa.cat\/es\/wp-json\/wp\/v2\/categories?post=7041"},{"taxonomy":"post_tag","embeddable":true,"href":"https:\/\/esgrima-manresa.cat\/es\/wp-json\/wp\/v2\/tags?post=7041"}],"curies":[{"name":"wp","href":"https:\/\/api.w.org\/{rel}","templated":true}]}}